{"id":102,"date":"2021-07-02T08:56:50","date_gmt":"2021-07-02T08:56:50","guid":{"rendered":"http:\/\/blog.weitschreiter.de\/?p=102"},"modified":"2022-08-02T10:15:32","modified_gmt":"2022-08-02T10:15:32","slug":"etappen-und-fazit-nst-sued","status":"publish","type":"post","link":"http:\/\/blog.weitschreiter.de\/?p=102","title":{"rendered":"Etappen und Fazit NST S\u00fcd"},"content":{"rendered":"\n<p>Ich bin dieses Jahr dazu \u00fcbergegangen, meine Etappen in Komoot mit einem kurzen Text zu beschreiben. Daher verlinke ich hier in der Spalte &#8222;Datum&#8220; nur auf die jeweiligen Seiten in Komoot, wo es auch die Route, Karte und jede Menge Fotos gibt:<\/p>\n\n\n\n<figure class=\"wp-block-table\"><table><tbody><tr><td><strong>Datum<\/strong><\/td><td><strong>Wochentag<\/strong><\/td><td><strong>Von<\/strong><\/td><td><strong>Bis<\/strong><\/td><td class=\"has-text-align-center\" data-align=\"center\"><strong>Kilometer<\/strong><\/td><td class=\"has-text-align-center\" data-align=\"center\"><strong>H\u00f6henmeter rauf<\/strong><\/td><td class=\"has-text-align-center\" data-align=\"center\"><strong>H\u00f6henmeter runter<\/strong><\/td><\/tr><tr><td><a href=\"https:\/\/www.komoot.de\/tour\/398230963\"><strong>22.06.2021<\/strong><\/a><\/td><td>Dienstag<\/td><td>Oberstdorf<\/td><td>Oberstdorf<\/td><td class=\"has-text-align-center\" data-align=\"center\">45<\/td><td class=\"has-text-align-center\" data-align=\"center\">1536<\/td><td class=\"has-text-align-center\" data-align=\"center\">1536<\/td><\/tr><tr><td><a href=\"https:\/\/www.komoot.de\/tour\/399116268\"><strong>23.06.2021<\/strong><\/a><\/td><td>Mittwoch<\/td><td>Oberstdorf<\/td><td>Oberstaufen<\/td><td class=\"has-text-align-center\" data-align=\"center\">41<\/td><td class=\"has-text-align-center\" data-align=\"center\">316<\/td><td class=\"has-text-align-center\" data-align=\"center\">331<\/td><\/tr><tr><td><a href=\"https:\/\/www.komoot.de\/tour\/399972942\"><strong>24.06.2021<\/strong><\/a><\/td><td>Donnerstag<\/td><td>Oberstaufen<\/td><td>Lindau<\/td><td class=\"has-text-align-center\" data-align=\"center\">42<\/td><td class=\"has-text-align-center\" data-align=\"center\">733<\/td><td class=\"has-text-align-center\" data-align=\"center\">1120<\/td><\/tr><tr><td><a href=\"https:\/\/www.komoot.de\/tour\/400641220\"><strong>25.06.2021<\/strong><\/a><\/td><td>Freitag<\/td><td>Lindau<\/td><td>Friedrichshafen<\/td><td class=\"has-text-align-center\" data-align=\"center\">27<\/td><td class=\"has-text-align-center\" data-align=\"center\">160<\/td><td class=\"has-text-align-center\" data-align=\"center\">164<\/td><\/tr><tr><td><a href=\"https:\/\/www.komoot.de\/tour\/402002231\"><strong>26.06.2021<\/strong><\/a><\/td><td>Samstag<\/td><td>\u00dcberlingen<\/td><td>Sipplingen<\/td><td class=\"has-text-align-center\" data-align=\"center\">6<\/td><td class=\"has-text-align-center\" data-align=\"center\">63<\/td><td class=\"has-text-align-center\" data-align=\"center\">79<\/td><\/tr><tr><td><a href=\"https:\/\/www.komoot.de\/tour\/403461181\"><strong>27.06.2021<\/strong><\/a><\/td><td>Sonntag<\/td><td>Sipplingen<\/td><td>Singen<\/td><td class=\"has-text-align-center\" data-align=\"center\">47<\/td><td class=\"has-text-align-center\" data-align=\"center\">763<\/td><td class=\"has-text-align-center\" data-align=\"center\">663<\/td><\/tr><tr><td><a href=\"https:\/\/www.komoot.de\/tour\/404460756\"><strong>28.06.2021<\/strong><\/a><\/td><td>Montag<\/td><td>Singen<\/td><td>Blumberg<\/td><td class=\"has-text-align-center\" data-align=\"center\">39<\/td><td class=\"has-text-align-center\" data-align=\"center\">1051<\/td><td class=\"has-text-align-center\" data-align=\"center\">786<\/td><\/tr><tr><td><a href=\"https:\/\/www.komoot.de\/tour\/405355225\"><strong>29.06.2021<\/strong><\/a><\/td><td>Dienstag<\/td><td>Blumberg<\/td><td>Lenzkirch<\/td><td class=\"has-text-align-center\" data-align=\"center\">36<\/td><td class=\"has-text-align-center\" data-align=\"center\">1310<\/td><td class=\"has-text-align-center\" data-align=\"center\">1207<\/td><\/tr><tr><td><a href=\"https:\/\/www.komoot.de\/tour\/406027717\"><strong>30.06.2021<\/strong><\/a><\/td><td>Mittwoch<\/td><td>Lenzkirch<\/td><td>Todtmoos<\/td><td class=\"has-text-align-center\" data-align=\"center\">46<\/td><td class=\"has-text-align-center\" data-align=\"center\">1598<\/td><td class=\"has-text-align-center\" data-align=\"center\">1588<\/td><\/tr><tr><td><a href=\"https:\/\/www.komoot.de\/tour\/406737140\"><strong>01.07.2021<\/strong><\/a><\/td><td>Donnerstag<\/td><td>Todtmoos<\/td><td>Bad S\u00e4ckingen<\/td><td class=\"has-text-align-center\" data-align=\"center\">37<\/td><td class=\"has-text-align-center\" data-align=\"center\">1186<\/td><td class=\"has-text-align-center\" data-align=\"center\">1706<\/td><\/tr><\/tbody><\/table><\/figure>\n\n\n\n<p>In zehn Tagen bin ich 366 Kilometer gegangen, mit durchschnittlich 900hm rauf und wieder runter. Fast so viele H\u00f6henmeter am Tag wie beim Maximiliansweg vor zwei Jahren, trotz der flachen Bodensee-Etappen. Im Vergleich zur 3-Fl\u00fcsse-Wanderung letztes Jahr hatte ich wieder fast das gleiche Gep\u00e4ck dabei: 6kg im Rucksack ohne Wasser, allerdings dieses Mal wieder Wanderstiefel statt Halbschuhe und Wanderst\u00f6cke. Urspr\u00fcnglich nur f\u00fcr die Etappe zum Haldenwanger Eck mitgenommen, haben sich Stiefel wie St\u00f6cke auch bei den Schwartzwaldetappen bew\u00e4hrt. Der einzige ungenutzte Ausr\u00fcstungsgegenstand war ein 5er Schnelltestkit f\u00fcr Hotel-Check-In in Orten ohne Testzentrum. In der ersten Woche gab es diese allerdings \u00fcberall, in der zweiten Woche war die Testpflicht wegen Inzidenzen unter 10 aufgehoben.<\/p>\n\n\n\n<figure class=\"wp-block-image size-large is-resized\"><img loading=\"lazy\" decoding=\"async\" src=\"http:\/\/blog.weitschreiter.de\/wp-content\/uploads\/2021\/07\/Bildschirmfoto-2021-07-02-um-10.32.56-1024x593.png\" alt=\"\" class=\"wp-image-104\" width=\"1024\" height=\"593\" srcset=\"http:\/\/blog.weitschreiter.de\/wp-content\/uploads\/2021\/07\/Bildschirmfoto-2021-07-02-um-10.32.56-1024x593.png 1024w, http:\/\/blog.weitschreiter.de\/wp-content\/uploads\/2021\/07\/Bildschirmfoto-2021-07-02-um-10.32.56-300x174.png 300w, http:\/\/blog.weitschreiter.de\/wp-content\/uploads\/2021\/07\/Bildschirmfoto-2021-07-02-um-10.32.56-768x444.png 768w, http:\/\/blog.weitschreiter.de\/wp-content\/uploads\/2021\/07\/Bildschirmfoto-2021-07-02-um-10.32.56-1200x694.png 1200w, http:\/\/blog.weitschreiter.de\/wp-content\/uploads\/2021\/07\/Bildschirmfoto-2021-07-02-um-10.32.56.png 1398w\" sizes=\"(max-width: 1024px) 100vw, 1024px\" \/><\/figure>\n\n\n\n<figure class=\"wp-block-image size-large\"><img loading=\"lazy\" decoding=\"async\" width=\"1024\" height=\"395\" src=\"http:\/\/blog.weitschreiter.de\/wp-content\/uploads\/2021\/07\/Bildschirmfoto-2021-07-02-um-10.33.46-1024x395.png\" alt=\"\" class=\"wp-image-106\" srcset=\"http:\/\/blog.weitschreiter.de\/wp-content\/uploads\/2021\/07\/Bildschirmfoto-2021-07-02-um-10.33.46-1024x395.png 1024w, http:\/\/blog.weitschreiter.de\/wp-content\/uploads\/2021\/07\/Bildschirmfoto-2021-07-02-um-10.33.46-300x116.png 300w, http:\/\/blog.weitschreiter.de\/wp-content\/uploads\/2021\/07\/Bildschirmfoto-2021-07-02-um-10.33.46-768x296.png 768w, http:\/\/blog.weitschreiter.de\/wp-content\/uploads\/2021\/07\/Bildschirmfoto-2021-07-02-um-10.33.46-1536x592.png 1536w, http:\/\/blog.weitschreiter.de\/wp-content\/uploads\/2021\/07\/Bildschirmfoto-2021-07-02-um-10.33.46-2048x789.png 2048w, http:\/\/blog.weitschreiter.de\/wp-content\/uploads\/2021\/07\/Bildschirmfoto-2021-07-02-um-10.33.46-1200x463.png 1200w, http:\/\/blog.weitschreiter.de\/wp-content\/uploads\/2021\/07\/Bildschirmfoto-2021-07-02-um-10.33.46-1400x540.png 1400w\" sizes=\"(max-width: 1024px) 100vw, 1024px\" \/><\/figure>\n\n\n\n<p><\/p>\n","protected":false},"excerpt":{"rendered":"<p>Ich bin dieses Jahr dazu \u00fcbergegangen, meine Etappen in Komoot mit einem kurzen Text zu beschreiben. Daher verlinke ich hier in der Spalte &#8222;Datum&#8220; nur auf die jeweiligen Seiten in Komoot, wo es auch die Route, Karte und jede Menge Fotos gibt: Datum Wochentag Von Bis Kilometer H\u00f6henmeter rauf H\u00f6henmeter runter 22.06.2021 Dienstag Oberstdorf Oberstdorf &hellip;<\/p>\n","protected":false},"author":1,"featured_media":0,"comment_status":"closed","ping_status":"open","sticky":false,"template":"","format":"standard","meta":{"footnotes":""},"categories":[7],"tags":[],"_links":{"self":[{"href":"http:\/\/blog.weitschreiter.de\/index.php?rest_route=\/wp\/v2\/posts\/102"}],"collection":[{"href":"http:\/\/blog.weitschreiter.de\/index.php?rest_route=\/wp\/v2\/posts"}],"about":[{"href":"http:\/\/blog.weitschreiter.de\/index.php?rest_route=\/wp\/v2\/types\/post"}],"author":[{"embeddable":true,"href":"http:\/\/blog.weitschreiter.de\/index.php?rest_route=\/wp\/v2\/users\/1"}],"replies":[{"embeddable":true,"href":"http:\/\/blog.weitschreiter.de\/index.php?rest_route=%2Fwp%2Fv2%2Fcomments&post=102"}],"version-history":[{"count":3,"href":"http:\/\/blog.weitschreiter.de\/index.php?rest_route=\/wp\/v2\/posts\/102\/revisions"}],"predecessor-version":[{"id":108,"href":"http:\/\/blog.weitschreiter.de\/index.php?rest_route=\/wp\/v2\/posts\/102\/revisions\/108"}],"wp:attachment":[{"href":"http:\/\/blog.weitschreiter.de\/index.php?rest_route=%2Fwp%2Fv2%2Fmedia&parent=102"}],"wp:term":[{"taxonomy":"category","embeddable":true,"href":"http:\/\/blog.weitschreiter.de\/index.php?rest_route=%2Fwp%2Fv2%2Fcategories&post=102"},{"taxonomy":"post_tag","embeddable":true,"href":"http:\/\/blog.weitschreiter.de\/index.php?rest_route=%2Fwp%2Fv2%2Ftags&post=102"}],"curies":[{"name":"wp","href":"https:\/\/api.w.org\/{rel}","templated":true}]}}