{"id":176,"date":"2022-07-18T12:58:00","date_gmt":"2022-07-18T12:58:00","guid":{"rendered":"http:\/\/blog.weitschreiter.de\/?p=176"},"modified":"2022-08-02T13:03:41","modified_gmt":"2022-08-02T13:03:41","slug":"muenchen-triest-teil-18-rifugio-nordio-deffar-tarvisio","status":"publish","type":"post","link":"http:\/\/blog.weitschreiter.de\/?p=176","title":{"rendered":"M\u00fcnchen -Triest Teil 18: Rifugio Nordio Deffar &#8211; Tarvisio"},"content":{"rendered":"\n<p>So \u00fcppig das Abendessen, so italienisch (500m hinter der Grenze zu \u00d6sterreich) das Fr\u00fchst\u00fcck. Egal, heute muss ich nicht so viele Kalorien bunkern, denn es gibt eine kurze Etappe, und meist noch bergab.<\/p>\n\n\n\n<p>Zun\u00e4chst geht es allerdings etwas hinauf, wo uns das Julische Alpen Panorama im Morgenlicht noch einmal ganz besonders sch\u00f6n pr\u00e4sentiert wird. Es sieht alles recht felsig und steil aus &#8211; da wollen wir durch?<\/p>\n\n\n\n<p>Erst einmal wollen wir runter ins Tal nach Tarvisio kurz vor der slowenischen Grenze. Ein sch\u00f6ner Pfad tanzt zuerst immer zwischen \u00d6sterreich und Italien hin und her, entscheidet sich dann f\u00fcr Italien und steigt in vielen Kehren durch Wald steil ab. In Tarvisio g\u00f6nne ich mir erst einmal ein Eis, bevor ich das Zimmer beziehe. Ein guter Ort f\u00fcr den Ruhetag morgen.<\/p>\n\n\n\n<figure class=\"wp-block-image size-large\"><img loading=\"lazy\" decoding=\"async\" width=\"1024\" height=\"768\" src=\"http:\/\/blog.weitschreiter.de\/wp-content\/uploads\/2022\/08\/image-17-1024x768.png\" alt=\"\" class=\"wp-image-177\" srcset=\"http:\/\/blog.weitschreiter.de\/wp-content\/uploads\/2022\/08\/image-17-1024x768.png 1024w, http:\/\/blog.weitschreiter.de\/wp-content\/uploads\/2022\/08\/image-17-300x225.png 300w, http:\/\/blog.weitschreiter.de\/wp-content\/uploads\/2022\/08\/image-17-768x576.png 768w, http:\/\/blog.weitschreiter.de\/wp-content\/uploads\/2022\/08\/image-17-1536x1152.png 1536w, http:\/\/blog.weitschreiter.de\/wp-content\/uploads\/2022\/08\/image-17-1200x900.png 1200w, http:\/\/blog.weitschreiter.de\/wp-content\/uploads\/2022\/08\/image-17-1400x1050.png 1400w, http:\/\/blog.weitschreiter.de\/wp-content\/uploads\/2022\/08\/image-17.png 1739w\" sizes=\"(max-width: 1024px) 100vw, 1024px\" \/><figcaption>Die Julischen Alpen im Blick<\/figcaption><\/figure>\n\n\n\n<a href=\"https:\/\/www.komoot.de\/tour\/848828963?ref=wtd\" target=\"_blank\" rel=\"nofollow noopener noreferrer\"><img loading=\"lazy\" decoding=\"async\" src=\"https:\/\/www.komoot.de\/tour\/848828963\/embed?image=1&amp;hm=true&amp;profile=1&amp;width=640&amp;height=700\" width=\"640\" height=\"700\"><\/a>\n","protected":false},"excerpt":{"rendered":"<p>So \u00fcppig das Abendessen, so italienisch (500m hinter der Grenze zu \u00d6sterreich) das Fr\u00fchst\u00fcck. Egal, heute muss ich nicht so viele Kalorien bunkern, denn es gibt eine kurze Etappe, und meist noch bergab. Zun\u00e4chst geht es allerdings etwas hinauf, wo uns das Julische Alpen Panorama im Morgenlicht noch einmal ganz besonders sch\u00f6n pr\u00e4sentiert wird. Es &hellip;<\/p>\n","protected":false},"author":1,"featured_media":0,"comment_status":"closed","ping_status":"open","sticky":false,"template":"","format":"standard","meta":{"footnotes":""},"categories":[9],"tags":[],"_links":{"self":[{"href":"http:\/\/blog.weitschreiter.de\/index.php?rest_route=\/wp\/v2\/posts\/176"}],"collection":[{"href":"http:\/\/blog.weitschreiter.de\/index.php?rest_route=\/wp\/v2\/posts"}],"about":[{"href":"http:\/\/blog.weitschreiter.de\/index.php?rest_route=\/wp\/v2\/types\/post"}],"author":[{"embeddable":true,"href":"http:\/\/blog.weitschreiter.de\/index.php?rest_route=\/wp\/v2\/users\/1"}],"replies":[{"embeddable":true,"href":"http:\/\/blog.weitschreiter.de\/index.php?rest_route=%2Fwp%2Fv2%2Fcomments&post=176"}],"version-history":[{"count":2,"href":"http:\/\/blog.weitschreiter.de\/index.php?rest_route=\/wp\/v2\/posts\/176\/revisions"}],"predecessor-version":[{"id":189,"href":"http:\/\/blog.weitschreiter.de\/index.php?rest_route=\/wp\/v2\/posts\/176\/revisions\/189"}],"wp:attachment":[{"href":"http:\/\/blog.weitschreiter.de\/index.php?rest_route=%2Fwp%2Fv2%2Fmedia&parent=176"}],"wp:term":[{"taxonomy":"category","embeddable":true,"href":"http:\/\/blog.weitschreiter.de\/index.php?rest_route=%2Fwp%2Fv2%2Fcategories&post=176"},{"taxonomy":"post_tag","embeddable":true,"href":"http:\/\/blog.weitschreiter.de\/index.php?rest_route=%2Fwp%2Fv2%2Ftags&post=176"}],"curies":[{"name":"wp","href":"https:\/\/api.w.org\/{rel}","templated":true}]}}