{"id":202,"date":"2022-07-24T13:12:00","date_gmt":"2022-07-24T13:12:00","guid":{"rendered":"http:\/\/blog.weitschreiter.de\/?p=202"},"modified":"2022-08-02T13:13:27","modified_gmt":"2022-08-02T13:13:27","slug":"muenchen-triest-teil-23-dom-na-komni-tolmin","status":"publish","type":"post","link":"http:\/\/blog.weitschreiter.de\/?p=202","title":{"rendered":"M\u00fcnchen -Triest Teil 23: Dom na Komni &#8211; Tolmin"},"content":{"rendered":"\n<p>Ich wache nachts um drei auf: Regen prasselt auf das H\u00fcttendach. Fast Wasseralmfeeling, aber als ich aufbreche ist der Spuk vorbei.<\/p>\n\n\n\n<p>Die ersten Kilometer verlaufen auf schmalen Pfaden mit viel regenfeuchtem und sch\u00f6n k\u00fchlendem Bewuchs links und rechts, bevor bei toller Aussicht der Aufstieg auf den Globoko Pass beginnt.<\/p>\n\n\n\n<p>Der letzte Alpenpass der Tour! F\u00fcr den versprochenenen ersten Mittelmeerblick ist es zu diesig, aber daf\u00fcr werde ich dreifach entsch\u00e4digt: Kurz hinter dem Pass w\u00e4chst doch tats\u00e4chlich Edelwei\u00df! Ein kr\u00f6nender Abschluss des Julischen Alpen Abschnitts.<\/p>\n\n\n\n<p>Nach diesem doppelten H\u00f6hepunkt geht es an den langen Abstieg, von 1850m runter nach Tolmin auf 200m. \u00c4chz. Nach den ersten 500hm kommt eine H\u00fctte, bei der ich ein slowenisches Grapefruit-Radler trinke, dann geht es weiter. Erst sehr steil, dann endlos auf einer Stra\u00dfe. Mit jedem verlorenen H\u00f6henmeter steigt die Temperatur, in Tolmin schwimme ich fast in meinen schweren Wanderstiefeln. Aber egal: Hotel, Dusche (eine Wohltat nach den wasserlosen H\u00fctten), Abendessen.<\/p>\n\n\n\n<p>Abendessen und Biervorr\u00e4te haben auch hunderte schwarzgekleidete und tiefenentspannte Metalheads auf dem Kieker, denn morgen gehen die f\u00fcnft\u00e4gigen &#8222;Tolmin Metaldays&#8220; los. Pass ich mit meinem schwarzen Funktionsshirt und dem Struwwelbart gut rein, auch wenn ich nur eine(!) Band aus dem Setup kenne&#8230;<\/p>\n\n\n\n<figure class=\"wp-block-image size-large\"><img loading=\"lazy\" decoding=\"async\" width=\"768\" height=\"1024\" src=\"http:\/\/blog.weitschreiter.de\/wp-content\/uploads\/2022\/08\/image-22-768x1024.png\" alt=\"\" class=\"wp-image-203\" srcset=\"http:\/\/blog.weitschreiter.de\/wp-content\/uploads\/2022\/08\/image-22-768x1024.png 768w, http:\/\/blog.weitschreiter.de\/wp-content\/uploads\/2022\/08\/image-22-225x300.png 225w, http:\/\/blog.weitschreiter.de\/wp-content\/uploads\/2022\/08\/image-22-300x400.png 300w, http:\/\/blog.weitschreiter.de\/wp-content\/uploads\/2022\/08\/image-22.png 978w\" sizes=\"(max-width: 768px) 100vw, 768px\" \/><figcaption>Edelwei\u00df<\/figcaption><\/figure>\n\n\n\n<a href=\"https:\/\/www.komoot.de\/tour\/856692488?ref=wtd\" target=\"_blank\" rel=\"nofollow noopener noreferrer\"><img loading=\"lazy\" decoding=\"async\" src=\"https:\/\/www.komoot.de\/tour\/856692488\/embed?image=1&#038;hm=true&#038;profile=1&#038;width=640&#038;height=700\" width=\"640\" height=\"700\"\/><\/a>\n","protected":false},"excerpt":{"rendered":"<p>Ich wache nachts um drei auf: Regen prasselt auf das H\u00fcttendach. Fast Wasseralmfeeling, aber als ich aufbreche ist der Spuk vorbei. Die ersten Kilometer verlaufen auf schmalen Pfaden mit viel regenfeuchtem und sch\u00f6n k\u00fchlendem Bewuchs links und rechts, bevor bei toller Aussicht der Aufstieg auf den Globoko Pass beginnt. Der letzte Alpenpass der Tour! F\u00fcr &hellip;<\/p>\n","protected":false},"author":1,"featured_media":0,"comment_status":"closed","ping_status":"open","sticky":false,"template":"","format":"standard","meta":{"footnotes":""},"categories":[9],"tags":[],"_links":{"self":[{"href":"http:\/\/blog.weitschreiter.de\/index.php?rest_route=\/wp\/v2\/posts\/202"}],"collection":[{"href":"http:\/\/blog.weitschreiter.de\/index.php?rest_route=\/wp\/v2\/posts"}],"about":[{"href":"http:\/\/blog.weitschreiter.de\/index.php?rest_route=\/wp\/v2\/types\/post"}],"author":[{"embeddable":true,"href":"http:\/\/blog.weitschreiter.de\/index.php?rest_route=\/wp\/v2\/users\/1"}],"replies":[{"embeddable":true,"href":"http:\/\/blog.weitschreiter.de\/index.php?rest_route=%2Fwp%2Fv2%2Fcomments&post=202"}],"version-history":[{"count":1,"href":"http:\/\/blog.weitschreiter.de\/index.php?rest_route=\/wp\/v2\/posts\/202\/revisions"}],"predecessor-version":[{"id":204,"href":"http:\/\/blog.weitschreiter.de\/index.php?rest_route=\/wp\/v2\/posts\/202\/revisions\/204"}],"wp:attachment":[{"href":"http:\/\/blog.weitschreiter.de\/index.php?rest_route=%2Fwp%2Fv2%2Fmedia&parent=202"}],"wp:term":[{"taxonomy":"category","embeddable":true,"href":"http:\/\/blog.weitschreiter.de\/index.php?rest_route=%2Fwp%2Fv2%2Fcategories&post=202"},{"taxonomy":"post_tag","embeddable":true,"href":"http:\/\/blog.weitschreiter.de\/index.php?rest_route=%2Fwp%2Fv2%2Ftags&post=202"}],"curies":[{"name":"wp","href":"https:\/\/api.w.org\/{rel}","templated":true}]}}