{"id":219,"date":"2022-08-02T13:38:34","date_gmt":"2022-08-02T13:38:34","guid":{"rendered":"http:\/\/blog.weitschreiter.de\/?p=219"},"modified":"2022-08-02T13:45:35","modified_gmt":"2022-08-02T13:45:35","slug":"muenchen-triest-fazit-und-statistik","status":"publish","type":"post","link":"http:\/\/blog.weitschreiter.de\/?p=219","title":{"rendered":"M\u00fcnchen &#8211; Triest: Fazit und Statistik"},"content":{"rendered":"\n<p>27 Tage unterwegs, 679 Kilometer, 21.200 H\u00f6henmeter hinauf und etwas mehr auch hinunter. Meine l\u00e4ngste und &#8222;h\u00f6chste&#8220; Tour bis jetzt. Beim Start wog mein Rucksack 8kg ohne Wasser, auf dem Weg habe ich noch ein Langarm-Fleece dazugekauft. Letzteres hatte ich nur 1x an, ebenso die Regenhose, alle anderen Ausr\u00fcstungs- und Kleidungsst\u00fccke habe ich mehrfach benutzt. Einige &#8222;Versicherungs&#8220;-Gegenst\u00e4nde habe ich im nachhinein nicht gebraucht, aber froh sie mitgeschleppt zu haben: Gro\u00dfe Powerbank, Papierkarten vom Traglav-Nationalpark, Bepanthen, Autan, Cashew-Notreserve usw.<\/p>\n\n\n\n<p>Mein &#8222;Second Skin plus Multilind&#8220; &#8211; Regime hat mich wieder vor Blasen bewahrt, umgeknickt oder gest\u00fcrzt bin ich dank schwerer Bergstiefel und Wanderst\u00f6cken nicht.<\/p>\n\n\n\n<p>Ab der Hugo-Gerbers H\u00fctte bin als Teil eines F\u00fcnferteams gelaufen, welches sich in wechselnden Kombinationen abends auf der H\u00fctte und beim Fr\u00fchst\u00fcck wieder sah und zwischendurch \u00fcber Messenger in Kontakt blieb. Alle waren uspr\u00fcnglich individuell gestartet und hatten wie ich die meisten \u00dcbernachtungen schon fest vorgebucht, so da\u00df wir einen sehr \u00e4hnlichen Zeitplan hatten.<\/p>\n\n\n\n<p>Mit 50\/50-Split H\u00fctten\/Hotels, meist mit Halbpension, kamen gut 70\u20ac Kosten pro Tag zusammen, in Summe f\u00fcr die ganze Alpen\u00fcberschreitung also etwa 2000\u20ac.<\/p>\n\n\n\n<p>Zum Energiemanagement und der &#8222;Technik&#8220;: Die Tracks habe ich mit meiner Garmin 245 aufgezeichnet, und dann \u00fcber die am Handy angezeigte Garmin-Connect Webseite (nicht die App) als GPX-Datei exportiert. Diese habe ich dann in Komoot importiert. Der Akku der Uhr hat auch die l\u00e4ngsten Tagesetappen (12h) durchgehalten, das Handy &#8211; meist im Flugmodus mit Komoot Karte (keine Navigation, nur Anzeige) und manchmal Podcastplayer &#8211; auch. Auch mit abendlichem Laden von Handy, Uhr und Kopfh\u00f6rern aus der Powerbank habe ich letzere (30.000mAH) nie mehr als 20% entladen. Als Handy hatte ich ein Motorola P20 Edge Pro dabei, mit Makro, 0,5 Weitwinkel und 5x Optischem Zoom-Objektiv. Datenverbrauch au\u00dferhalb von WLANs waren 5 GByte.<\/p>\n\n\n\n<figure class=\"wp-block-table\"><table><tbody><tr><td>Etappe<\/td><td>Datum<\/td><td>Tag<\/td><td>Von<\/td><td>Nach<\/td><td><\/td><td><\/td><td>km<\/td><td>hm hoch<\/td><td>hm runter<\/td><\/tr><tr><td>1<\/td><td>30.6.2022<\/td><td>Donnerstag<\/td><td>M\u00fcnchen<\/td><td>A\u00dfling<\/td><td>DE<\/td><td><\/td><td>37<\/td><td>230<\/td><td>250<\/td><\/tr><tr><td>2<\/td><td>1.7.2022<\/td><td>Freitag<\/td><td>A\u00dfling<\/td><td>Rosenheim<\/td><td>DE<\/td><td><\/td><td>27<\/td><td>130<\/td><td>180<\/td><\/tr><tr><td>3<\/td><td>2.7.2022<\/td><td>Samstag<\/td><td>Rosenheim<\/td><td>\u00dcbersee<\/td><td>DE<\/td><td><\/td><td>36<\/td><td>390<\/td><td>310<\/td><\/tr><tr><td>4<\/td><td>3.7.2022<\/td><td>Sonntag<\/td><td>\u00dcbersee<\/td><td>Teisendorf<\/td><td>DE<\/td><td><\/td><td>37<\/td><td>440<\/td><td>470<\/td><\/tr><tr><td>5<\/td><td>4.7.2022<\/td><td>Montag<\/td><td>Teisendorf<\/td><td>Berchtesgaden<\/td><td>DE<\/td><td><\/td><td>38<\/td><td>580<\/td><td>540<\/td><\/tr><tr><td><\/td><td>5.7.2022<\/td><td>Dienstag<\/td><td>M\u00fcnchen<\/td><td>M\u00fcnchen<\/td><td><\/td><td><\/td><td><\/td><td><\/td><td><\/td><\/tr><tr><td>6<\/td><td>6.7.2022<\/td><td>Mittwoch<\/td><td>Berchtesgaden<\/td><td>Carl v. Stahl Haus<\/td><td>DE<\/td><td><\/td><td>17<\/td><td>1260<\/td><td>120<\/td><\/tr><tr><td>7<\/td><td>7.7.2022<\/td><td>Donnerstag<\/td><td>Carl v. Stahl Haus<\/td><td>Wasseralm<\/td><td>DE<\/td><td><\/td><td>15<\/td><td>900<\/td><td>1180<\/td><\/tr><tr><td>8<\/td><td>8.7.2022<\/td><td>Freitag<\/td><td>Wasseralm<\/td><td>Ingolst\u00e4dter Haus<\/td><td>DE<\/td><td><\/td><td>15<\/td><td>1110<\/td><td>460<\/td><\/tr><tr><td>9<\/td><td>9.7.2022<\/td><td>Samstag<\/td><td>Ingolst\u00e4dter Haus<\/td><td>Maria Alm<\/td><td>AT<\/td><td><\/td><td>17<\/td><td>330<\/td><td>1630<\/td><\/tr><tr><td>10<\/td><td>10.7.2022<\/td><td>Sonntag<\/td><td>Maria Alm<\/td><td>Taxenbach<\/td><td>AT<\/td><td><\/td><td>22<\/td><td>1190<\/td><td>1260<\/td><\/tr><tr><td>11<\/td><td>11.7.2022<\/td><td>Montag<\/td><td>Taxenbach<\/td><td><a href=\"https:\/\/www.schutzhaus-neubau.at\/\" target=\"_blank\" rel=\"noreferrer noopener\">Schutzhaus Neubau<\/a><\/td><td>AT<\/td><td><\/td><td>40<\/td><td>1800<\/td><td>440<\/td><\/tr><tr><td>12<\/td><td>12.7.2022<\/td><td>Dienstag<\/td><td><a href=\"https:\/\/www.schutzhaus-neubau.at\/\" target=\"_blank\" rel=\"noreferrer noopener\">Schutzhaus Neubau<\/a><\/td><td>Flattach<\/td><td>AT<\/td><td><\/td><td>28<\/td><td>830<\/td><td>2280<\/td><\/tr><tr><td>13<\/td><td>13.7.2022<\/td><td>Mittwoch<\/td><td>Flattach<\/td><td><a href=\"https:\/\/www.alpenverein.at\/hugogerbershuette\/\" target=\"_blank\" rel=\"noreferrer noopener\">Hugo-Gerbers-H\u00fctte<\/a><\/td><td>AT<\/td><td><\/td><td>34<\/td><td>1980<\/td><td>360<\/td><\/tr><tr><td>14<\/td><td>14.7.2022<\/td><td>Donnerstag<\/td><td><a href=\"https:\/\/www.alpenverein.at\/hugogerbershuette\/\" target=\"_blank\" rel=\"noreferrer noopener\">Hugo-Gerbers-H\u00fctte<\/a><\/td><td><a href=\"https:\/\/www.alpenverein.at\/feldnerhuette\/\" target=\"_blank\" rel=\"noreferrer noopener\">Feldnerh\u00fctte<\/a><\/td><td>AT<\/td><td><\/td><td>10<\/td><td>560<\/td><td>710<\/td><\/tr><tr><td>15<\/td><td>15.7.2022<\/td><td>Freitag<\/td><td><a href=\"https:\/\/www.alpenverein.at\/feldnerhuette\/\" target=\"_blank\" rel=\"noreferrer noopener\">Feldnerh\u00fctte<\/a><\/td><td>Greifenburg<\/td><td>AT<\/td><td><\/td><td>24<\/td><td>560<\/td><td>2100<\/td><\/tr><tr><td>16<\/td><td>16.7.2022<\/td><td>Samstag<\/td><td>Greifenburg<\/td><td>Hermagor<\/td><td>AT<\/td><td><\/td><td>35<\/td><td>780<\/td><td>770<\/td><\/tr><tr><td>17<\/td><td>17.7.2022<\/td><td>Sonntag<\/td><td>Hermagor<\/td><td>Rifugio Nordio-Dellar<\/td><td>AT<\/td><td><\/td><td>26<\/td><td>1560<\/td><td>730<\/td><\/tr><tr><td>18<\/td><td>18.7.2022<\/td><td>Montag<\/td><td>Rifugio Nordio-Dellar<\/td><td>Tarvisio<\/td><td>IT<\/td><td><\/td><td>16<\/td><td>500<\/td><td>1160<\/td><\/tr><tr><td><\/td><td>19.7.2022<\/td><td>Dienstag<\/td><td>Tarvisio<\/td><td>Tarvisio<\/td><td>IT<\/td><td><\/td><td>0<\/td><td>0<\/td><td>0<\/td><\/tr><tr><td>19<\/td><td>20.7.2022<\/td><td>Mittwoch<\/td><td>Tarvisio<\/td><td>Postarski Dom na Vrsicu<\/td><td>SL<\/td><td><\/td><td>27<\/td><td>1290<\/td><td>370<\/td><\/tr><tr><td>20<\/td><td>21.7.2022<\/td><td>Donnerstag<\/td><td>Postarski Dom na Vrsicu<\/td><td>Trenta<\/td><td>SL<\/td><td><\/td><td>12<\/td><td>40<\/td><td>1090<\/td><\/tr><tr><td>21<\/td><td>22.7.2022<\/td><td>Freitag<\/td><td>Trenta<\/td><td>Koca na Dolicu<\/td><td>SL<\/td><td><\/td><td>12<\/td><td>1550<\/td><td>40<\/td><\/tr><tr><td>22<\/td><td>23.7.2022<\/td><td>Samstag<\/td><td>Koca na Dolicu<\/td><td>Dom na Komni<\/td><td>SL<\/td><td><\/td><td>16<\/td><td>380<\/td><td>1020<\/td><\/tr><tr><td>23<\/td><td>24.7.2022<\/td><td>Sonntag<\/td><td>Dom na Komni<\/td><td>Tolmin<\/td><td>SL<\/td><td><\/td><td>25<\/td><td>550<\/td><td>1860<\/td><\/tr><tr><td>24<\/td><td>25.7.2022<\/td><td>Montag<\/td><td>Tolmin<\/td><td>Castelmonte<\/td><td>IT<\/td><td><\/td><td>31<\/td><td>1270<\/td><td>810<\/td><\/tr><tr><td>25<\/td><td>26.7.2022<\/td><td>Dienstag<\/td><td>Castelmonte<\/td><td>Cormons<\/td><td>IT<\/td><td><\/td><td>23<\/td><td>230<\/td><td>760<\/td><\/tr><tr><td>26<\/td><td>27.7.2022<\/td><td>Mittwoch<\/td><td>Cormons<\/td><td>Duino<\/td><td>IT<\/td><td><\/td><td>36<\/td><td>360<\/td><td>370<\/td><\/tr><tr><td>27<\/td><td>28.7.2022<\/td><td>Donnerstag<\/td><td>Duino<\/td><td>Triest<\/td><td>IT<\/td><td><\/td><td>23<\/td><td>400<\/td><td>450<\/td><\/tr><tr><td>28<\/td><td>29.7.2022<\/td><td>Freitag<\/td><td>Triest<\/td><td>M\u00fcnchen<\/td><td>DE<\/td><td><\/td><td><\/td><td><\/td><td><\/td><\/tr><tr><td><\/td><td><\/td><td><\/td><td><\/td><td><\/td><td><\/td><td><\/td><td>679<\/td><td>21200<\/td><td>21720<\/td><\/tr><\/tbody><\/table><\/figure>\n","protected":false},"excerpt":{"rendered":"<p>27 Tage unterwegs, 679 Kilometer, 21.200 H\u00f6henmeter hinauf und etwas mehr auch hinunter. Meine l\u00e4ngste und &#8222;h\u00f6chste&#8220; Tour bis jetzt. Beim Start wog mein Rucksack 8kg ohne Wasser, auf dem Weg habe ich noch ein Langarm-Fleece dazugekauft. Letzteres hatte ich nur 1x an, ebenso die Regenhose, alle anderen Ausr\u00fcstungs- und Kleidungsst\u00fccke habe ich mehrfach benutzt. &hellip;<\/p>\n","protected":false},"author":1,"featured_media":0,"comment_status":"closed","ping_status":"open","sticky":false,"template":"","format":"standard","meta":{"footnotes":""},"categories":[9],"tags":[],"_links":{"self":[{"href":"http:\/\/blog.weitschreiter.de\/index.php?rest_route=\/wp\/v2\/posts\/219"}],"collection":[{"href":"http:\/\/blog.weitschreiter.de\/index.php?rest_route=\/wp\/v2\/posts"}],"about":[{"href":"http:\/\/blog.weitschreiter.de\/index.php?rest_route=\/wp\/v2\/types\/post"}],"author":[{"embeddable":true,"href":"http:\/\/blog.weitschreiter.de\/index.php?rest_route=\/wp\/v2\/users\/1"}],"replies":[{"embeddable":true,"href":"http:\/\/blog.weitschreiter.de\/index.php?rest_route=%2Fwp%2Fv2%2Fcomments&post=219"}],"version-history":[{"count":3,"href":"http:\/\/blog.weitschreiter.de\/index.php?rest_route=\/wp\/v2\/posts\/219\/revisions"}],"predecessor-version":[{"id":222,"href":"http:\/\/blog.weitschreiter.de\/index.php?rest_route=\/wp\/v2\/posts\/219\/revisions\/222"}],"wp:attachment":[{"href":"http:\/\/blog.weitschreiter.de\/index.php?rest_route=%2Fwp%2Fv2%2Fmedia&parent=219"}],"wp:term":[{"taxonomy":"category","embeddable":true,"href":"http:\/\/blog.weitschreiter.de\/index.php?rest_route=%2Fwp%2Fv2%2Fcategories&post=219"},{"taxonomy":"post_tag","embeddable":true,"href":"http:\/\/blog.weitschreiter.de\/index.php?rest_route=%2Fwp%2Fv2%2Ftags&post=219"}],"curies":[{"name":"wp","href":"https:\/\/api.w.org\/{rel}","templated":true}]}}